{"id":308,"date":"2022-02-18T17:19:28","date_gmt":"2022-02-18T17:19:28","guid":{"rendered":"https:\/\/www.ampacalvosotelo.es\/leo3.0\/?p=308"},"modified":"2022-02-18T17:19:30","modified_gmt":"2022-02-18T17:19:30","slug":"nueva-seccion-de-acuerdos-con-empresas","status":"publish","type":"post","link":"https:\/\/www.ampacalvosotelo.es\/leo3.0\/2022\/02\/18\/nueva-seccion-de-acuerdos-con-empresas\/","title":{"rendered":"NUEVA SECCI\u00d3N DE ACUERDOS CON EMPRESAS"},"content":{"rendered":"\n<p>Nos complace comunicaros la inauguraci\u00f3n de una nueva secci\u00f3n en nuestra p\u00e1gina, que en realidad retomamos de la que exist\u00eda a\u00f1os atr\u00e1s: ACUERDOS CON EMPRESAS.<\/p>\n\n\n\n<p>En esta p\u00e1gina encontrar\u00e9is los acuerdos actualmente vigentes para los miembros de la asociaci\u00f3n. Para acceder a los descuentos tan solo tendr\u00e9is que identificaros como miembros de la asociaci\u00f3n a trav\u00e9s de la AppMiampa. <\/p>\n\n\n\n<p>Estamos en proceso de ampliar los acuerdos, por lo que si sois due\u00f1os de un negocio o conoc\u00e9is alguno dispuesto a establecer un acuerdo con nosotros por favor poneros en contacto con cualquier miembro de la junta directiva para hacerlo posible.<\/p>\n\n\n\n<div class=\"wp-block-image\"><figure class=\"aligncenter\"><img loading=\"lazy\" decoding=\"async\" width=\"276\" height=\"183\" src=\"https:\/\/www.ampacalvosotelo.es\/leo3.0\/wp-content\/uploads\/2022\/02\/ACUERDO.jpeg\" alt=\"\" class=\"wp-image-310\"\/><figcaption><a href=\"https:\/\/www.ampacalvosotelo.es\/leo3.0\/acuerdos-con-empresas\/\">ACUERDOS CON EMPRESAS<\/a><\/figcaption><\/figure><\/div>\n","protected":false},"excerpt":{"rendered":"<p>Nos complace comunicaros la inauguraci\u00f3n de una nueva secci\u00f3n en nuestra p\u00e1gina, que en realidad retomamos de la que exist\u00eda a\u00f1os atr\u00e1s: ACUERDOS CON EMPRESAS. En esta p\u00e1gina encontrar\u00e9is los acuerdos actualmente vigentes para los miembros de la asociaci\u00f3n. Para acceder a los descuentos tan solo tendr\u00e9is que identificaros como miembros de la asociaci\u00f3n a [&hellip;]<\/p>\n","protected":false},"author":4,"featured_media":0,"comment_status":"open","ping_status":"open","sticky":false,"template":"","format":"standard","meta":{"footnotes":""},"categories":[1],"tags":[],"class_list":["post-308","post","type-post","status-publish","format-standard","hentry","category-sin-categoria"],"yoast_head":"<!-- This site is optimized with the Yoast SEO plugin v24.8.1 - https:\/\/yoast.com\/wordpress\/plugins\/seo\/ -->\n<title>NUEVA SECCI\u00d3N DE ACUERDOS CON EMPRESAS - AMPA LEOPOLDO CALVO-SOTELO<\/title>\n<meta name=\"robots\" content=\"index, follow, max-snippet:-1, max-image-preview:large, max-video-preview:-1\" \/>\n<link rel=\"canonical\" href=\"https:\/\/www.ampacalvosotelo.es\/leo3.0\/2022\/02\/18\/nueva-seccion-de-acuerdos-con-empresas\/\" \/>\n<meta property=\"og:locale\" content=\"es_ES\" \/>\n<meta property=\"og:type\" content=\"article\" \/>\n<meta property=\"og:title\" content=\"NUEVA SECCI\u00d3N DE ACUERDOS CON EMPRESAS - AMPA LEOPOLDO CALVO-SOTELO\" \/>\n<meta property=\"og:description\" content=\"Nos complace comunicaros la inauguraci\u00f3n de una nueva secci\u00f3n en nuestra p\u00e1gina, que en realidad retomamos de la que exist\u00eda a\u00f1os atr\u00e1s: ACUERDOS CON EMPRESAS. En esta p\u00e1gina encontrar\u00e9is los acuerdos actualmente vigentes para los miembros de la asociaci\u00f3n. Para acceder a los descuentos tan solo tendr\u00e9is que identificaros como miembros de la asociaci\u00f3n a [&hellip;]\" \/>\n<meta property=\"og:url\" content=\"https:\/\/www.ampacalvosotelo.es\/leo3.0\/2022\/02\/18\/nueva-seccion-de-acuerdos-con-empresas\/\" \/>\n<meta property=\"og:site_name\" content=\"AMPA LEOPOLDO CALVO-SOTELO\" \/>\n<meta property=\"article:publisher\" content=\"https:\/\/www.facebook.com\/ampa.leopoldocalvosotelo\/?locale=es_ES\" \/>\n<meta property=\"article:published_time\" content=\"2022-02-18T17:19:28+00:00\" \/>\n<meta property=\"article:modified_time\" content=\"2022-02-18T17:19:30+00:00\" \/>\n<meta property=\"og:image\" content=\"https:\/\/www.ampacalvosotelo.es\/leo3.0\/wp-content\/uploads\/2022\/02\/ACUERDO.jpeg\" \/>\n<meta name=\"author\" content=\"Nerea Ortega\" \/>\n<meta name=\"twitter:card\" content=\"summary_large_image\" \/>\n<meta name=\"twitter:label1\" content=\"Escrito por\" \/>\n\t<meta name=\"twitter:data1\" content=\"Nerea Ortega\" \/>\n\t<meta name=\"twitter:label2\" content=\"Tiempo de lectura\" \/>\n\t<meta name=\"twitter:data2\" content=\"1 minuto\" \/>\n<script type=\"application\/ld+json\" class=\"yoast-schema-graph\">{\"@context\":\"https:\/\/schema.org\",\"@graph\":[{\"@type\":\"Article\",\"@id\":\"https:\/\/www.ampacalvosotelo.es\/leo3.0\/2022\/02\/18\/nueva-seccion-de-acuerdos-con-empresas\/#article\",\"isPartOf\":{\"@id\":\"https:\/\/www.ampacalvosotelo.es\/leo3.0\/2022\/02\/18\/nueva-seccion-de-acuerdos-con-empresas\/\"},\"author\":{\"name\":\"Nerea Ortega\",\"@id\":\"https:\/\/www.ampacalvosotelo.es\/leo3.0\/#\/schema\/person\/4fb040d01582e59ca4802dc67b6149e2\"},\"headline\":\"NUEVA SECCI\u00d3N DE ACUERDOS CON EMPRESAS\",\"datePublished\":\"2022-02-18T17:19:28+00:00\",\"dateModified\":\"2022-02-18T17:19:30+00:00\",\"mainEntityOfPage\":{\"@id\":\"https:\/\/www.ampacalvosotelo.es\/leo3.0\/2022\/02\/18\/nueva-seccion-de-acuerdos-con-empresas\/\"},\"wordCount\":124,\"commentCount\":0,\"publisher\":{\"@id\":\"https:\/\/www.ampacalvosotelo.es\/leo3.0\/#organization\"},\"image\":{\"@id\":\"https:\/\/www.ampacalvosotelo.es\/leo3.0\/2022\/02\/18\/nueva-seccion-de-acuerdos-con-empresas\/#primaryimage\"},\"thumbnailUrl\":\"https:\/\/www.ampacalvosotelo.es\/leo3.0\/wp-content\/uploads\/2022\/02\/ACUERDO.jpeg\",\"inLanguage\":\"es\",\"potentialAction\":[{\"@type\":\"CommentAction\",\"name\":\"Comment\",\"target\":[\"https:\/\/www.ampacalvosotelo.es\/leo3.0\/2022\/02\/18\/nueva-seccion-de-acuerdos-con-empresas\/#respond\"]}]},{\"@type\":\"WebPage\",\"@id\":\"https:\/\/www.ampacalvosotelo.es\/leo3.0\/2022\/02\/18\/nueva-seccion-de-acuerdos-con-empresas\/\",\"url\":\"https:\/\/www.ampacalvosotelo.es\/leo3.0\/2022\/02\/18\/nueva-seccion-de-acuerdos-con-empresas\/\",\"name\":\"NUEVA SECCI\u00d3N DE ACUERDOS CON EMPRESAS - AMPA LEOPOLDO CALVO-SOTELO\",\"isPartOf\":{\"@id\":\"https:\/\/www.ampacalvosotelo.es\/leo3.0\/#website\"},\"primaryImageOfPage\":{\"@id\":\"https:\/\/www.ampacalvosotelo.es\/leo3.0\/2022\/02\/18\/nueva-seccion-de-acuerdos-con-empresas\/#primaryimage\"},\"image\":{\"@id\":\"https:\/\/www.ampacalvosotelo.es\/leo3.0\/2022\/02\/18\/nueva-seccion-de-acuerdos-con-empresas\/#primaryimage\"},\"thumbnailUrl\":\"https:\/\/www.ampacalvosotelo.es\/leo3.0\/wp-content\/uploads\/2022\/02\/ACUERDO.jpeg\",\"datePublished\":\"2022-02-18T17:19:28+00:00\",\"dateModified\":\"2022-02-18T17:19:30+00:00\",\"breadcrumb\":{\"@id\":\"https:\/\/www.ampacalvosotelo.es\/leo3.0\/2022\/02\/18\/nueva-seccion-de-acuerdos-con-empresas\/#breadcrumb\"},\"inLanguage\":\"es\",\"potentialAction\":[{\"@type\":\"ReadAction\",\"target\":[\"https:\/\/www.ampacalvosotelo.es\/leo3.0\/2022\/02\/18\/nueva-seccion-de-acuerdos-con-empresas\/\"]}]},{\"@type\":\"ImageObject\",\"inLanguage\":\"es\",\"@id\":\"https:\/\/www.ampacalvosotelo.es\/leo3.0\/2022\/02\/18\/nueva-seccion-de-acuerdos-con-empresas\/#primaryimage\",\"url\":\"https:\/\/www.ampacalvosotelo.es\/leo3.0\/wp-content\/uploads\/2022\/02\/ACUERDO.jpeg\",\"contentUrl\":\"https:\/\/www.ampacalvosotelo.es\/leo3.0\/wp-content\/uploads\/2022\/02\/ACUERDO.jpeg\",\"width\":276,\"height\":183},{\"@type\":\"BreadcrumbList\",\"@id\":\"https:\/\/www.ampacalvosotelo.es\/leo3.0\/2022\/02\/18\/nueva-seccion-de-acuerdos-con-empresas\/#breadcrumb\",\"itemListElement\":[{\"@type\":\"ListItem\",\"position\":1,\"name\":\"Portada\",\"item\":\"https:\/\/www.ampacalvosotelo.es\/leo3.0\/\"},{\"@type\":\"ListItem\",\"position\":2,\"name\":\"NUEVA SECCI\u00d3N DE ACUERDOS CON EMPRESAS\"}]},{\"@type\":\"WebSite\",\"@id\":\"https:\/\/www.ampacalvosotelo.es\/leo3.0\/#website\",\"url\":\"https:\/\/www.ampacalvosotelo.es\/leo3.0\/\",\"name\":\"AMPA LEOPOLDO CALVO-SOTELO\",\"description\":\"\",\"publisher\":{\"@id\":\"https:\/\/www.ampacalvosotelo.es\/leo3.0\/#organization\"},\"potentialAction\":[{\"@type\":\"SearchAction\",\"target\":{\"@type\":\"EntryPoint\",\"urlTemplate\":\"https:\/\/www.ampacalvosotelo.es\/leo3.0\/?s={search_term_string}\"},\"query-input\":{\"@type\":\"PropertyValueSpecification\",\"valueRequired\":true,\"valueName\":\"search_term_string\"}}],\"inLanguage\":\"es\"},{\"@type\":\"Organization\",\"@id\":\"https:\/\/www.ampacalvosotelo.es\/leo3.0\/#organization\",\"name\":\"AMPA LEOPOLDO CALVO-SOTELO\",\"url\":\"https:\/\/www.ampacalvosotelo.es\/leo3.0\/\",\"logo\":{\"@type\":\"ImageObject\",\"inLanguage\":\"es\",\"@id\":\"https:\/\/www.ampacalvosotelo.es\/leo3.0\/#\/schema\/logo\/image\/\",\"url\":\"https:\/\/www.ampacalvosotelo.es\/leo3.0\/wp-content\/uploads\/2019\/01\/cropped-1011324_170800033092621_1551186961_n-5.png\",\"contentUrl\":\"https:\/\/www.ampacalvosotelo.es\/leo3.0\/wp-content\/uploads\/2019\/01\/cropped-1011324_170800033092621_1551186961_n-5.png\",\"width\":180,\"height\":167,\"caption\":\"AMPA LEOPOLDO CALVO-SOTELO\"},\"image\":{\"@id\":\"https:\/\/www.ampacalvosotelo.es\/leo3.0\/#\/schema\/logo\/image\/\"},\"sameAs\":[\"https:\/\/www.facebook.com\/ampa.leopoldocalvosotelo\/?locale=es_ES\",\"https:\/\/www.instagram.com\/ampaleopoldocalvosotelo\/\",\"https:\/\/www.whatsapp.com\/channel\/0029VaVA7D2ElagwaCmnrT2x\",\"https:\/\/t.me\/AMPALCS\"]},{\"@type\":\"Person\",\"@id\":\"https:\/\/www.ampacalvosotelo.es\/leo3.0\/#\/schema\/person\/4fb040d01582e59ca4802dc67b6149e2\",\"name\":\"Nerea Ortega\",\"image\":{\"@type\":\"ImageObject\",\"inLanguage\":\"es\",\"@id\":\"https:\/\/www.ampacalvosotelo.es\/leo3.0\/#\/schema\/person\/image\/\",\"url\":\"https:\/\/secure.gravatar.com\/avatar\/e3da9453c1c5254c7c2fb07623e8daf5?s=96&d=mm&r=g\",\"contentUrl\":\"https:\/\/secure.gravatar.com\/avatar\/e3da9453c1c5254c7c2fb07623e8daf5?s=96&d=mm&r=g\",\"caption\":\"Nerea Ortega\"},\"url\":\"https:\/\/www.ampacalvosotelo.es\/leo3.0\/author\/nerea\/\"}]}<\/script>\n<!-- \/ Yoast SEO plugin. -->","yoast_head_json":{"title":"NUEVA SECCI\u00d3N DE ACUERDOS CON EMPRESAS - AMPA LEOPOLDO CALVO-SOTELO","robots":{"index":"index","follow":"follow","max-snippet":"max-snippet:-1","max-image-preview":"max-image-preview:large","max-video-preview":"max-video-preview:-1"},"canonical":"https:\/\/www.ampacalvosotelo.es\/leo3.0\/2022\/02\/18\/nueva-seccion-de-acuerdos-con-empresas\/","og_locale":"es_ES","og_type":"article","og_title":"NUEVA SECCI\u00d3N DE ACUERDOS CON EMPRESAS - AMPA LEOPOLDO CALVO-SOTELO","og_description":"Nos complace comunicaros la inauguraci\u00f3n de una nueva secci\u00f3n en nuestra p\u00e1gina, que en realidad retomamos de la que exist\u00eda a\u00f1os atr\u00e1s: ACUERDOS CON EMPRESAS. En esta p\u00e1gina encontrar\u00e9is los acuerdos actualmente vigentes para los miembros de la asociaci\u00f3n. Para acceder a los descuentos tan solo tendr\u00e9is que identificaros como miembros de la asociaci\u00f3n a [&hellip;]","og_url":"https:\/\/www.ampacalvosotelo.es\/leo3.0\/2022\/02\/18\/nueva-seccion-de-acuerdos-con-empresas\/","og_site_name":"AMPA LEOPOLDO CALVO-SOTELO","article_publisher":"https:\/\/www.facebook.com\/ampa.leopoldocalvosotelo\/?locale=es_ES","article_published_time":"2022-02-18T17:19:28+00:00","article_modified_time":"2022-02-18T17:19:30+00:00","og_image":[{"url":"https:\/\/www.ampacalvosotelo.es\/leo3.0\/wp-content\/uploads\/2022\/02\/ACUERDO.jpeg","type":"","width":"","height":""}],"author":"Nerea Ortega","twitter_card":"summary_large_image","twitter_misc":{"Escrito por":"Nerea Ortega","Tiempo de lectura":"1 minuto"},"schema":{"@context":"https:\/\/schema.org","@graph":[{"@type":"Article","@id":"https:\/\/www.ampacalvosotelo.es\/leo3.0\/2022\/02\/18\/nueva-seccion-de-acuerdos-con-empresas\/#article","isPartOf":{"@id":"https:\/\/www.ampacalvosotelo.es\/leo3.0\/2022\/02\/18\/nueva-seccion-de-acuerdos-con-empresas\/"},"author":{"name":"Nerea Ortega","@id":"https:\/\/www.ampacalvosotelo.es\/leo3.0\/#\/schema\/person\/4fb040d01582e59ca4802dc67b6149e2"},"headline":"NUEVA SECCI\u00d3N DE ACUERDOS CON EMPRESAS","datePublished":"2022-02-18T17:19:28+00:00","dateModified":"2022-02-18T17:19:30+00:00","mainEntityOfPage":{"@id":"https:\/\/www.ampacalvosotelo.es\/leo3.0\/2022\/02\/18\/nueva-seccion-de-acuerdos-con-empresas\/"},"wordCount":124,"commentCount":0,"publisher":{"@id":"https:\/\/www.ampacalvosotelo.es\/leo3.0\/#organization"},"image":{"@id":"https:\/\/www.ampacalvosotelo.es\/leo3.0\/2022\/02\/18\/nueva-seccion-de-acuerdos-con-empresas\/#primaryimage"},"thumbnailUrl":"https:\/\/www.ampacalvosotelo.es\/leo3.0\/wp-content\/uploads\/2022\/02\/ACUERDO.jpeg","inLanguage":"es","potentialAction":[{"@type":"CommentAction","name":"Comment","target":["https:\/\/www.ampacalvosotelo.es\/leo3.0\/2022\/02\/18\/nueva-seccion-de-acuerdos-con-empresas\/#respond"]}]},{"@type":"WebPage","@id":"https:\/\/www.ampacalvosotelo.es\/leo3.0\/2022\/02\/18\/nueva-seccion-de-acuerdos-con-empresas\/","url":"https:\/\/www.ampacalvosotelo.es\/leo3.0\/2022\/02\/18\/nueva-seccion-de-acuerdos-con-empresas\/","name":"NUEVA SECCI\u00d3N DE ACUERDOS CON EMPRESAS - AMPA LEOPOLDO CALVO-SOTELO","isPartOf":{"@id":"https:\/\/www.ampacalvosotelo.es\/leo3.0\/#website"},"primaryImageOfPage":{"@id":"https:\/\/www.ampacalvosotelo.es\/leo3.0\/2022\/02\/18\/nueva-seccion-de-acuerdos-con-empresas\/#primaryimage"},"image":{"@id":"https:\/\/www.ampacalvosotelo.es\/leo3.0\/2022\/02\/18\/nueva-seccion-de-acuerdos-con-empresas\/#primaryimage"},"thumbnailUrl":"https:\/\/www.ampacalvosotelo.es\/leo3.0\/wp-content\/uploads\/2022\/02\/ACUERDO.jpeg","datePublished":"2022-02-18T17:19:28+00:00","dateModified":"2022-02-18T17:19:30+00:00","breadcrumb":{"@id":"https:\/\/www.ampacalvosotelo.es\/leo3.0\/2022\/02\/18\/nueva-seccion-de-acuerdos-con-empresas\/#breadcrumb"},"inLanguage":"es","potentialAction":[{"@type":"ReadAction","target":["https:\/\/www.ampacalvosotelo.es\/leo3.0\/2022\/02\/18\/nueva-seccion-de-acuerdos-con-empresas\/"]}]},{"@type":"ImageObject","inLanguage":"es","@id":"https:\/\/www.ampacalvosotelo.es\/leo3.0\/2022\/02\/18\/nueva-seccion-de-acuerdos-con-empresas\/#primaryimage","url":"https:\/\/www.ampacalvosotelo.es\/leo3.0\/wp-content\/uploads\/2022\/02\/ACUERDO.jpeg","contentUrl":"https:\/\/www.ampacalvosotelo.es\/leo3.0\/wp-content\/uploads\/2022\/02\/ACUERDO.jpeg","width":276,"height":183},{"@type":"BreadcrumbList","@id":"https:\/\/www.ampacalvosotelo.es\/leo3.0\/2022\/02\/18\/nueva-seccion-de-acuerdos-con-empresas\/#breadcrumb","itemListElement":[{"@type":"ListItem","position":1,"name":"Portada","item":"https:\/\/www.ampacalvosotelo.es\/leo3.0\/"},{"@type":"ListItem","position":2,"name":"NUEVA SECCI\u00d3N DE ACUERDOS CON EMPRESAS"}]},{"@type":"WebSite","@id":"https:\/\/www.ampacalvosotelo.es\/leo3.0\/#website","url":"https:\/\/www.ampacalvosotelo.es\/leo3.0\/","name":"AMPA LEOPOLDO CALVO-SOTELO","description":"","publisher":{"@id":"https:\/\/www.ampacalvosotelo.es\/leo3.0\/#organization"},"potentialAction":[{"@type":"SearchAction","target":{"@type":"EntryPoint","urlTemplate":"https:\/\/www.ampacalvosotelo.es\/leo3.0\/?s={search_term_string}"},"query-input":{"@type":"PropertyValueSpecification","valueRequired":true,"valueName":"search_term_string"}}],"inLanguage":"es"},{"@type":"Organization","@id":"https:\/\/www.ampacalvosotelo.es\/leo3.0\/#organization","name":"AMPA LEOPOLDO CALVO-SOTELO","url":"https:\/\/www.ampacalvosotelo.es\/leo3.0\/","logo":{"@type":"ImageObject","inLanguage":"es","@id":"https:\/\/www.ampacalvosotelo.es\/leo3.0\/#\/schema\/logo\/image\/","url":"https:\/\/www.ampacalvosotelo.es\/leo3.0\/wp-content\/uploads\/2019\/01\/cropped-1011324_170800033092621_1551186961_n-5.png","contentUrl":"https:\/\/www.ampacalvosotelo.es\/leo3.0\/wp-content\/uploads\/2019\/01\/cropped-1011324_170800033092621_1551186961_n-5.png","width":180,"height":167,"caption":"AMPA LEOPOLDO CALVO-SOTELO"},"image":{"@id":"https:\/\/www.ampacalvosotelo.es\/leo3.0\/#\/schema\/logo\/image\/"},"sameAs":["https:\/\/www.facebook.com\/ampa.leopoldocalvosotelo\/?locale=es_ES","https:\/\/www.instagram.com\/ampaleopoldocalvosotelo\/","https:\/\/www.whatsapp.com\/channel\/0029VaVA7D2ElagwaCmnrT2x","https:\/\/t.me\/AMPALCS"]},{"@type":"Person","@id":"https:\/\/www.ampacalvosotelo.es\/leo3.0\/#\/schema\/person\/4fb040d01582e59ca4802dc67b6149e2","name":"Nerea Ortega","image":{"@type":"ImageObject","inLanguage":"es","@id":"https:\/\/www.ampacalvosotelo.es\/leo3.0\/#\/schema\/person\/image\/","url":"https:\/\/secure.gravatar.com\/avatar\/e3da9453c1c5254c7c2fb07623e8daf5?s=96&d=mm&r=g","contentUrl":"https:\/\/secure.gravatar.com\/avatar\/e3da9453c1c5254c7c2fb07623e8daf5?s=96&d=mm&r=g","caption":"Nerea Ortega"},"url":"https:\/\/www.ampacalvosotelo.es\/leo3.0\/author\/nerea\/"}]}},"_links":{"self":[{"href":"https:\/\/www.ampacalvosotelo.es\/leo3.0\/wp-json\/wp\/v2\/posts\/308","targetHints":{"allow":["GET"]}}],"collection":[{"href":"https:\/\/www.ampacalvosotelo.es\/leo3.0\/wp-json\/wp\/v2\/posts"}],"about":[{"href":"https:\/\/www.ampacalvosotelo.es\/leo3.0\/wp-json\/wp\/v2\/types\/post"}],"author":[{"embeddable":true,"href":"https:\/\/www.ampacalvosotelo.es\/leo3.0\/wp-json\/wp\/v2\/users\/4"}],"replies":[{"embeddable":true,"href":"https:\/\/www.ampacalvosotelo.es\/leo3.0\/wp-json\/wp\/v2\/comments?post=308"}],"version-history":[{"count":1,"href":"https:\/\/www.ampacalvosotelo.es\/leo3.0\/wp-json\/wp\/v2\/posts\/308\/revisions"}],"predecessor-version":[{"id":311,"href":"https:\/\/www.ampacalvosotelo.es\/leo3.0\/wp-json\/wp\/v2\/posts\/308\/revisions\/311"}],"wp:attachment":[{"href":"https:\/\/www.ampacalvosotelo.es\/leo3.0\/wp-json\/wp\/v2\/media?parent=308"}],"wp:term":[{"taxonomy":"category","embeddable":true,"href":"https:\/\/www.ampacalvosotelo.es\/leo3.0\/wp-json\/wp\/v2\/categories?post=308"},{"taxonomy":"post_tag","embeddable":true,"href":"https:\/\/www.ampacalvosotelo.es\/leo3.0\/wp-json\/wp\/v2\/tags?post=308"}],"curies":[{"name":"wp","href":"https:\/\/api.w.org\/{rel}","templated":true}]}}