{"id":289,"date":"2022-02-16T22:13:35","date_gmt":"2022-02-16T22:13:35","guid":{"rendered":"https:\/\/www.ampacalvosotelo.es\/leo3.0\/?p=289"},"modified":"2022-02-16T22:13:57","modified_gmt":"2022-02-16T22:13:57","slug":"pago-de-cuotas","status":"publish","type":"post","link":"https:\/\/www.ampacalvosotelo.es\/leo3.0\/2022\/02\/16\/pago-de-cuotas\/","title":{"rendered":"PAGO DE CUOTAS"},"content":{"rendered":"\n<p>Desde el AMPA hemos enviado a los socios la siguiente informaci\u00f3n relativa al pago de cuotas, que se realizar\u00e1 en los pr\u00f3ximos d\u00edas:<\/p>\n\n\n\n<p>\u00abEstimadas familias,<br><\/p>\n\n\n\n<p>Nos ponemos en contacto con vosotrxs, para informaros de que durante este curso a\u00fan no hemos pasado el recibo anual de cuota por el cambio realizado en la Junta Directiva del AMPA. Despu\u00e9s de realizar los tr\u00e1mites para pasar la titularidad a la nueva Junta, tr\u00e1mites que se han alargado m\u00e1s de lo que nos hubiera gustado, ya hemos conseguido cambiar los titulares<br> de la cuenta en la que se gestiona el presupuesto de la asociaci\u00f3n.<br><\/p>\n\n\n\n<p>De esta manera, ya podemos emitir los recibos que ser\u00e1n pasados a cobro a la mayor brevedad posible por un importe de 30\u20ac por familia asociada.<br><\/p>\n\n\n\n<p>Agradecer\u00edamos que, si hubiese alg\u00fan cambio con respecto al n\u00famero de cuenta que ten\u00e9is registrado en la aplicaci\u00f3n MiAmpa, adem\u00e1s de realizar la modificaci\u00f3n en la aplicaci\u00f3n nos lo comunicaseis al correo de tesoreria.ampa.lcs@gmail.com<\/p>\n\n\n\n<p> Muchas gracias por vuestra colaboraci\u00f3n.<br> <\/p>\n\n\n\n<p>AMPA Leopoldo Calvo Sotelo\u00bb<\/p>\n","protected":false},"excerpt":{"rendered":"<p>Desde el AMPA hemos enviado a los socios la siguiente informaci\u00f3n relativa al pago de cuotas, que se realizar\u00e1 en los pr\u00f3ximos d\u00edas: \u00abEstimadas familias, Nos ponemos en contacto con vosotrxs, para informaros de que durante este curso a\u00fan no hemos pasado el recibo anual de cuota por el cambio realizado en la Junta Directiva [&hellip;]<\/p>\n","protected":false},"author":4,"featured_media":0,"comment_status":"open","ping_status":"open","sticky":false,"template":"","format":"standard","meta":{"footnotes":""},"categories":[1],"tags":[],"class_list":["post-289","post","type-post","status-publish","format-standard","hentry","category-sin-categoria"],"yoast_head":"<!-- This site is optimized with the Yoast SEO plugin v24.8.1 - https:\/\/yoast.com\/wordpress\/plugins\/seo\/ -->\n<title>PAGO DE CUOTAS - AMPA LEOPOLDO CALVO-SOTELO<\/title>\n<meta name=\"robots\" content=\"index, follow, max-snippet:-1, max-image-preview:large, max-video-preview:-1\" \/>\n<link rel=\"canonical\" href=\"https:\/\/www.ampacalvosotelo.es\/leo3.0\/2022\/02\/16\/pago-de-cuotas\/\" \/>\n<meta property=\"og:locale\" content=\"es_ES\" \/>\n<meta property=\"og:type\" content=\"article\" \/>\n<meta property=\"og:title\" content=\"PAGO DE CUOTAS - AMPA LEOPOLDO CALVO-SOTELO\" \/>\n<meta property=\"og:description\" content=\"Desde el AMPA hemos enviado a los socios la siguiente informaci\u00f3n relativa al pago de cuotas, que se realizar\u00e1 en los pr\u00f3ximos d\u00edas: \u00abEstimadas familias, Nos ponemos en contacto con vosotrxs, para informaros de que durante este curso a\u00fan no hemos pasado el recibo anual de cuota por el cambio realizado en la Junta Directiva [&hellip;]\" \/>\n<meta property=\"og:url\" content=\"https:\/\/www.ampacalvosotelo.es\/leo3.0\/2022\/02\/16\/pago-de-cuotas\/\" \/>\n<meta property=\"og:site_name\" content=\"AMPA LEOPOLDO CALVO-SOTELO\" \/>\n<meta property=\"article:publisher\" content=\"https:\/\/www.facebook.com\/ampa.leopoldocalvosotelo\/?locale=es_ES\" \/>\n<meta property=\"article:published_time\" content=\"2022-02-16T22:13:35+00:00\" \/>\n<meta property=\"article:modified_time\" content=\"2022-02-16T22:13:57+00:00\" \/>\n<meta name=\"author\" content=\"Nerea Ortega\" \/>\n<meta name=\"twitter:card\" content=\"summary_large_image\" \/>\n<meta name=\"twitter:label1\" content=\"Escrito por\" \/>\n\t<meta name=\"twitter:data1\" content=\"Nerea Ortega\" \/>\n\t<meta name=\"twitter:label2\" content=\"Tiempo de lectura\" \/>\n\t<meta name=\"twitter:data2\" content=\"1 minuto\" \/>\n<script type=\"application\/ld+json\" class=\"yoast-schema-graph\">{\"@context\":\"https:\/\/schema.org\",\"@graph\":[{\"@type\":\"Article\",\"@id\":\"https:\/\/www.ampacalvosotelo.es\/leo3.0\/2022\/02\/16\/pago-de-cuotas\/#article\",\"isPartOf\":{\"@id\":\"https:\/\/www.ampacalvosotelo.es\/leo3.0\/2022\/02\/16\/pago-de-cuotas\/\"},\"author\":{\"name\":\"Nerea Ortega\",\"@id\":\"https:\/\/www.ampacalvosotelo.es\/leo3.0\/#\/schema\/person\/4fb040d01582e59ca4802dc67b6149e2\"},\"headline\":\"PAGO DE CUOTAS\",\"datePublished\":\"2022-02-16T22:13:35+00:00\",\"dateModified\":\"2022-02-16T22:13:57+00:00\",\"mainEntityOfPage\":{\"@id\":\"https:\/\/www.ampacalvosotelo.es\/leo3.0\/2022\/02\/16\/pago-de-cuotas\/\"},\"wordCount\":195,\"commentCount\":0,\"publisher\":{\"@id\":\"https:\/\/www.ampacalvosotelo.es\/leo3.0\/#organization\"},\"inLanguage\":\"es\",\"potentialAction\":[{\"@type\":\"CommentAction\",\"name\":\"Comment\",\"target\":[\"https:\/\/www.ampacalvosotelo.es\/leo3.0\/2022\/02\/16\/pago-de-cuotas\/#respond\"]}]},{\"@type\":\"WebPage\",\"@id\":\"https:\/\/www.ampacalvosotelo.es\/leo3.0\/2022\/02\/16\/pago-de-cuotas\/\",\"url\":\"https:\/\/www.ampacalvosotelo.es\/leo3.0\/2022\/02\/16\/pago-de-cuotas\/\",\"name\":\"PAGO DE CUOTAS - AMPA LEOPOLDO CALVO-SOTELO\",\"isPartOf\":{\"@id\":\"https:\/\/www.ampacalvosotelo.es\/leo3.0\/#website\"},\"datePublished\":\"2022-02-16T22:13:35+00:00\",\"dateModified\":\"2022-02-16T22:13:57+00:00\",\"breadcrumb\":{\"@id\":\"https:\/\/www.ampacalvosotelo.es\/leo3.0\/2022\/02\/16\/pago-de-cuotas\/#breadcrumb\"},\"inLanguage\":\"es\",\"potentialAction\":[{\"@type\":\"ReadAction\",\"target\":[\"https:\/\/www.ampacalvosotelo.es\/leo3.0\/2022\/02\/16\/pago-de-cuotas\/\"]}]},{\"@type\":\"BreadcrumbList\",\"@id\":\"https:\/\/www.ampacalvosotelo.es\/leo3.0\/2022\/02\/16\/pago-de-cuotas\/#breadcrumb\",\"itemListElement\":[{\"@type\":\"ListItem\",\"position\":1,\"name\":\"Portada\",\"item\":\"https:\/\/www.ampacalvosotelo.es\/leo3.0\/\"},{\"@type\":\"ListItem\",\"position\":2,\"name\":\"PAGO DE CUOTAS\"}]},{\"@type\":\"WebSite\",\"@id\":\"https:\/\/www.ampacalvosotelo.es\/leo3.0\/#website\",\"url\":\"https:\/\/www.ampacalvosotelo.es\/leo3.0\/\",\"name\":\"AMPA LEOPOLDO CALVO-SOTELO\",\"description\":\"\",\"publisher\":{\"@id\":\"https:\/\/www.ampacalvosotelo.es\/leo3.0\/#organization\"},\"potentialAction\":[{\"@type\":\"SearchAction\",\"target\":{\"@type\":\"EntryPoint\",\"urlTemplate\":\"https:\/\/www.ampacalvosotelo.es\/leo3.0\/?s={search_term_string}\"},\"query-input\":{\"@type\":\"PropertyValueSpecification\",\"valueRequired\":true,\"valueName\":\"search_term_string\"}}],\"inLanguage\":\"es\"},{\"@type\":\"Organization\",\"@id\":\"https:\/\/www.ampacalvosotelo.es\/leo3.0\/#organization\",\"name\":\"AMPA LEOPOLDO CALVO-SOTELO\",\"url\":\"https:\/\/www.ampacalvosotelo.es\/leo3.0\/\",\"logo\":{\"@type\":\"ImageObject\",\"inLanguage\":\"es\",\"@id\":\"https:\/\/www.ampacalvosotelo.es\/leo3.0\/#\/schema\/logo\/image\/\",\"url\":\"https:\/\/www.ampacalvosotelo.es\/leo3.0\/wp-content\/uploads\/2019\/01\/cropped-1011324_170800033092621_1551186961_n-5.png\",\"contentUrl\":\"https:\/\/www.ampacalvosotelo.es\/leo3.0\/wp-content\/uploads\/2019\/01\/cropped-1011324_170800033092621_1551186961_n-5.png\",\"width\":180,\"height\":167,\"caption\":\"AMPA LEOPOLDO CALVO-SOTELO\"},\"image\":{\"@id\":\"https:\/\/www.ampacalvosotelo.es\/leo3.0\/#\/schema\/logo\/image\/\"},\"sameAs\":[\"https:\/\/www.facebook.com\/ampa.leopoldocalvosotelo\/?locale=es_ES\",\"https:\/\/www.instagram.com\/ampaleopoldocalvosotelo\/\",\"https:\/\/www.whatsapp.com\/channel\/0029VaVA7D2ElagwaCmnrT2x\",\"https:\/\/t.me\/AMPALCS\"]},{\"@type\":\"Person\",\"@id\":\"https:\/\/www.ampacalvosotelo.es\/leo3.0\/#\/schema\/person\/4fb040d01582e59ca4802dc67b6149e2\",\"name\":\"Nerea Ortega\",\"image\":{\"@type\":\"ImageObject\",\"inLanguage\":\"es\",\"@id\":\"https:\/\/www.ampacalvosotelo.es\/leo3.0\/#\/schema\/person\/image\/\",\"url\":\"https:\/\/secure.gravatar.com\/avatar\/e3da9453c1c5254c7c2fb07623e8daf5?s=96&d=mm&r=g\",\"contentUrl\":\"https:\/\/secure.gravatar.com\/avatar\/e3da9453c1c5254c7c2fb07623e8daf5?s=96&d=mm&r=g\",\"caption\":\"Nerea Ortega\"},\"url\":\"https:\/\/www.ampacalvosotelo.es\/leo3.0\/author\/nerea\/\"}]}<\/script>\n<!-- \/ Yoast SEO plugin. -->","yoast_head_json":{"title":"PAGO DE CUOTAS - AMPA LEOPOLDO CALVO-SOTELO","robots":{"index":"index","follow":"follow","max-snippet":"max-snippet:-1","max-image-preview":"max-image-preview:large","max-video-preview":"max-video-preview:-1"},"canonical":"https:\/\/www.ampacalvosotelo.es\/leo3.0\/2022\/02\/16\/pago-de-cuotas\/","og_locale":"es_ES","og_type":"article","og_title":"PAGO DE CUOTAS - AMPA LEOPOLDO CALVO-SOTELO","og_description":"Desde el AMPA hemos enviado a los socios la siguiente informaci\u00f3n relativa al pago de cuotas, que se realizar\u00e1 en los pr\u00f3ximos d\u00edas: \u00abEstimadas familias, Nos ponemos en contacto con vosotrxs, para informaros de que durante este curso a\u00fan no hemos pasado el recibo anual de cuota por el cambio realizado en la Junta Directiva [&hellip;]","og_url":"https:\/\/www.ampacalvosotelo.es\/leo3.0\/2022\/02\/16\/pago-de-cuotas\/","og_site_name":"AMPA LEOPOLDO CALVO-SOTELO","article_publisher":"https:\/\/www.facebook.com\/ampa.leopoldocalvosotelo\/?locale=es_ES","article_published_time":"2022-02-16T22:13:35+00:00","article_modified_time":"2022-02-16T22:13:57+00:00","author":"Nerea Ortega","twitter_card":"summary_large_image","twitter_misc":{"Escrito por":"Nerea Ortega","Tiempo de lectura":"1 minuto"},"schema":{"@context":"https:\/\/schema.org","@graph":[{"@type":"Article","@id":"https:\/\/www.ampacalvosotelo.es\/leo3.0\/2022\/02\/16\/pago-de-cuotas\/#article","isPartOf":{"@id":"https:\/\/www.ampacalvosotelo.es\/leo3.0\/2022\/02\/16\/pago-de-cuotas\/"},"author":{"name":"Nerea Ortega","@id":"https:\/\/www.ampacalvosotelo.es\/leo3.0\/#\/schema\/person\/4fb040d01582e59ca4802dc67b6149e2"},"headline":"PAGO DE CUOTAS","datePublished":"2022-02-16T22:13:35+00:00","dateModified":"2022-02-16T22:13:57+00:00","mainEntityOfPage":{"@id":"https:\/\/www.ampacalvosotelo.es\/leo3.0\/2022\/02\/16\/pago-de-cuotas\/"},"wordCount":195,"commentCount":0,"publisher":{"@id":"https:\/\/www.ampacalvosotelo.es\/leo3.0\/#organization"},"inLanguage":"es","potentialAction":[{"@type":"CommentAction","name":"Comment","target":["https:\/\/www.ampacalvosotelo.es\/leo3.0\/2022\/02\/16\/pago-de-cuotas\/#respond"]}]},{"@type":"WebPage","@id":"https:\/\/www.ampacalvosotelo.es\/leo3.0\/2022\/02\/16\/pago-de-cuotas\/","url":"https:\/\/www.ampacalvosotelo.es\/leo3.0\/2022\/02\/16\/pago-de-cuotas\/","name":"PAGO DE CUOTAS - AMPA LEOPOLDO CALVO-SOTELO","isPartOf":{"@id":"https:\/\/www.ampacalvosotelo.es\/leo3.0\/#website"},"datePublished":"2022-02-16T22:13:35+00:00","dateModified":"2022-02-16T22:13:57+00:00","breadcrumb":{"@id":"https:\/\/www.ampacalvosotelo.es\/leo3.0\/2022\/02\/16\/pago-de-cuotas\/#breadcrumb"},"inLanguage":"es","potentialAction":[{"@type":"ReadAction","target":["https:\/\/www.ampacalvosotelo.es\/leo3.0\/2022\/02\/16\/pago-de-cuotas\/"]}]},{"@type":"BreadcrumbList","@id":"https:\/\/www.ampacalvosotelo.es\/leo3.0\/2022\/02\/16\/pago-de-cuotas\/#breadcrumb","itemListElement":[{"@type":"ListItem","position":1,"name":"Portada","item":"https:\/\/www.ampacalvosotelo.es\/leo3.0\/"},{"@type":"ListItem","position":2,"name":"PAGO DE CUOTAS"}]},{"@type":"WebSite","@id":"https:\/\/www.ampacalvosotelo.es\/leo3.0\/#website","url":"https:\/\/www.ampacalvosotelo.es\/leo3.0\/","name":"AMPA LEOPOLDO CALVO-SOTELO","description":"","publisher":{"@id":"https:\/\/www.ampacalvosotelo.es\/leo3.0\/#organization"},"potentialAction":[{"@type":"SearchAction","target":{"@type":"EntryPoint","urlTemplate":"https:\/\/www.ampacalvosotelo.es\/leo3.0\/?s={search_term_string}"},"query-input":{"@type":"PropertyValueSpecification","valueRequired":true,"valueName":"search_term_string"}}],"inLanguage":"es"},{"@type":"Organization","@id":"https:\/\/www.ampacalvosotelo.es\/leo3.0\/#organization","name":"AMPA LEOPOLDO CALVO-SOTELO","url":"https:\/\/www.ampacalvosotelo.es\/leo3.0\/","logo":{"@type":"ImageObject","inLanguage":"es","@id":"https:\/\/www.ampacalvosotelo.es\/leo3.0\/#\/schema\/logo\/image\/","url":"https:\/\/www.ampacalvosotelo.es\/leo3.0\/wp-content\/uploads\/2019\/01\/cropped-1011324_170800033092621_1551186961_n-5.png","contentUrl":"https:\/\/www.ampacalvosotelo.es\/leo3.0\/wp-content\/uploads\/2019\/01\/cropped-1011324_170800033092621_1551186961_n-5.png","width":180,"height":167,"caption":"AMPA LEOPOLDO CALVO-SOTELO"},"image":{"@id":"https:\/\/www.ampacalvosotelo.es\/leo3.0\/#\/schema\/logo\/image\/"},"sameAs":["https:\/\/www.facebook.com\/ampa.leopoldocalvosotelo\/?locale=es_ES","https:\/\/www.instagram.com\/ampaleopoldocalvosotelo\/","https:\/\/www.whatsapp.com\/channel\/0029VaVA7D2ElagwaCmnrT2x","https:\/\/t.me\/AMPALCS"]},{"@type":"Person","@id":"https:\/\/www.ampacalvosotelo.es\/leo3.0\/#\/schema\/person\/4fb040d01582e59ca4802dc67b6149e2","name":"Nerea Ortega","image":{"@type":"ImageObject","inLanguage":"es","@id":"https:\/\/www.ampacalvosotelo.es\/leo3.0\/#\/schema\/person\/image\/","url":"https:\/\/secure.gravatar.com\/avatar\/e3da9453c1c5254c7c2fb07623e8daf5?s=96&d=mm&r=g","contentUrl":"https:\/\/secure.gravatar.com\/avatar\/e3da9453c1c5254c7c2fb07623e8daf5?s=96&d=mm&r=g","caption":"Nerea Ortega"},"url":"https:\/\/www.ampacalvosotelo.es\/leo3.0\/author\/nerea\/"}]}},"_links":{"self":[{"href":"https:\/\/www.ampacalvosotelo.es\/leo3.0\/wp-json\/wp\/v2\/posts\/289","targetHints":{"allow":["GET"]}}],"collection":[{"href":"https:\/\/www.ampacalvosotelo.es\/leo3.0\/wp-json\/wp\/v2\/posts"}],"about":[{"href":"https:\/\/www.ampacalvosotelo.es\/leo3.0\/wp-json\/wp\/v2\/types\/post"}],"author":[{"embeddable":true,"href":"https:\/\/www.ampacalvosotelo.es\/leo3.0\/wp-json\/wp\/v2\/users\/4"}],"replies":[{"embeddable":true,"href":"https:\/\/www.ampacalvosotelo.es\/leo3.0\/wp-json\/wp\/v2\/comments?post=289"}],"version-history":[{"count":2,"href":"https:\/\/www.ampacalvosotelo.es\/leo3.0\/wp-json\/wp\/v2\/posts\/289\/revisions"}],"predecessor-version":[{"id":291,"href":"https:\/\/www.ampacalvosotelo.es\/leo3.0\/wp-json\/wp\/v2\/posts\/289\/revisions\/291"}],"wp:attachment":[{"href":"https:\/\/www.ampacalvosotelo.es\/leo3.0\/wp-json\/wp\/v2\/media?parent=289"}],"wp:term":[{"taxonomy":"category","embeddable":true,"href":"https:\/\/www.ampacalvosotelo.es\/leo3.0\/wp-json\/wp\/v2\/categories?post=289"},{"taxonomy":"post_tag","embeddable":true,"href":"https:\/\/www.ampacalvosotelo.es\/leo3.0\/wp-json\/wp\/v2\/tags?post=289"}],"curies":[{"name":"wp","href":"https:\/\/api.w.org\/{rel}","templated":true}]}}